{"id":53,"date":"2006-10-22T02:18:01","date_gmt":"2006-10-22T00:18:01","guid":{"rendered":"http:\/\/www.eriz.pc-inside.org\/weblog\/2006\/10\/22\/nostalgia\/"},"modified":"2007-01-26T21:56:43","modified_gmt":"2007-01-26T20:56:43","slug":"nostalgia","status":"publish","type":"post","link":"https:\/\/eriz.pcinside.pl\/weblog\/nostalgia-53.html","title":{"rendered":"Nostalgia&#8230;"},"content":{"rendered":"<p>\nEch, zaczynaj\u0105 mi si\u0119 przypomina\u0107 wakacje. Budzi si\u0119 we dawna sk\u0142onno\u015b\u0107 do filozofii, kt\u00f3rej tak mi brakuje w roku szkolnym. Ale czego we\u0144 jest u\u015bpiona?\n<\/p>\n<p><!--more--><\/p>\n<p>\nTego, to ja nie wiem. Mo\u017ce dlatego, \u017ce trzeba wcze\u015bniej chodzi\u0107 spa\u0107 po to, aby wsta\u0107 z rana na autobus? Kiedy\u015b mo\u017cna by\u0142o sobie pospa\u0107. A teraz? Pobudka godzin\u0119 wcze\u015bniej. Czy narzekam? Nie. Dlaczego? C\u00f3\u017c, trzeba i\u015b\u0107 do przodu, rozwija\u0107 si\u0119. Ile mo\u017cna siedzie\u0107 w gimnazjum? ;P. Czy \u017ca\u0142uj\u0119, \u017ce poszed\u0142em do &#8222;Jedynki&#8221;, a nie do szczebrzeszy\u0144skiego og\u00f3lniaka? Nie&#8230; Kto\u015b mi mo\u017ce zarzuci\u0107, \u017ce niepotrzebnie t\u0142uk\u0119 si\u0119 tyle kilometr\u00f3w codziennie, skoro mam szko\u0142\u0119 na miejscu. Nie do ko\u0144ca. Tutaj \u017cycie toczy si\u0119 swoim w\u0142asnym torem, czas wolniej p\u0142ynie. Nie licz\u0105c jakich\u015b sporadycznych wpadek oczywi\u015bcie. Wi\u0119kszo\u015b\u0107 ludzi zna si\u0119 z twarzy, mo\u017cna bez problemu przej\u015b\u0107 z jednego kra\u0144ca miasta na drugi piechot\u0105 w p\u00f3\u0142 godziny. Przed nami wybory na burmistrza; kto\u015b rozwali\u0142 <a href=\"http:\/\/szczebrzeszyn.info\">szczebrzeszyn.info<\/a>. Szczerze m\u00f3wi\u0105c, to ostatnio zacz\u0119\u0142a mi kompletnie wisie\u0107 ca\u0142a ta polityka&#8230; Wszyscy k\u0142\u00f3c\u0105 si\u0119 o sto\u0142ki. M\u0119czy mnie to wszystko, szkoda nerw\u00f3w. Sejm, to jest teraz totalny bajzel. Przyjdzie sobie, posiedzi par\u0119 godzin i wyjdzie. Oczywi\u015bcie nie za darmo. Za pieni\u0105dze podatnik\u00f3w rzecz jasna. Wiem, latam pomi\u0119dzy r\u00f3\u017cnymi w\u0105tkami. Raz na jaki\u015b czas zdarzy mi si\u0119 obejrze\u0107 jaki\u015b program informacyjny w telewizji. Co widz\u0119? Jak PO-PiS skacze sobie do garde\u0142. Nie ma ju\u017c na kogo g\u0142osowa\u0107. Ci, kt\u00f3rzy chc\u0105 co\u015b dobrego dla kraju zrobi\u0107 s\u0105 przyg\u0142uszani przez reszt\u0119. Tylko co\u015b mi nie przychodzi do g\u0142owy dlaczego. Podejrzewam jednak, \u017ce je\u015bli nie wiadomo o co chodzi, to chodzi o kas\u0119. Summa summarum, to teraz wszystko wok\u00f3\u0142 niej si\u0119 kr\u0119ci. A gdzie pami\u0119\u0107 o drugim cz\u0142owieku, honor; w jakiej zak\u0142amanej epoce przysz\u0142o nam \u017cy\u0107? Niedawno by\u0142a afera wok\u00f3\u0142 tzw. ptasiej grypy. Porobi\u0142o si\u0119 halo, ludziom wod\u0119 z m\u00f3zgu, a jak si\u0119 sko\u0144czy\u0142o? No w\u0142a\u015bnie, jak? Wszystko ucich\u0142o, bo ludzie w ko\u0144cu zm\u0105drzeli&#8230; Ciekawe, co teraz wymy\u015bl\u0105, \u017ceby media mia\u0142y z czego zrobi\u0107 sensacj\u0119. I jak tu ogl\u0105da\u0107 TV? <a href=\"http:\/\/liviopl.wordpress.com\">Livio<\/a> mia\u0142 racj\u0119 &#8211; telewizja og\u0142upia, kaleczy zas\u00f3b s\u0142ownictwa. Pal licho programy informacyjne. Film\u00f3w dobrych te\u017c ju\u017c nie ma. Zdj\u0119to &#8222;Czeterch pancernych i psa&#8221; oraz &#8222;Stawk\u0119 wi\u0119ksz\u0105 ni\u017c \u017cycie&#8221;. Dlaczego? Bo kombatanci si\u0119 czepiali. Nieliczne z film\u00f3w, kt\u00f3re mo\u017cna ogl\u0105da\u0107 setki razy i za ka\u017cdym razem z ciekawo\u015bci\u0105. Co nam pozosta\u0142o? Brazylijskie tasiemce i powt\u00f3rki. Musz\u0119 przyzna\u0107, \u017ce jest gorzej, ni\u017c na wakacjach, gdy nic nowego z telewizyjn\u0105 kinematografi\u0105 si\u0119 nie dzieje. TV og\u0142upia, radio te\u017c. W moim regionie panuje istna propaganda i dyktatura &#8222;Eski&#8221;. Ile to razy kto\u015b si\u0119 zapyta &#8222;masz to, co w Esce&#8221;? Utwory, kt\u00f3re s\u0105 znane od kilku dobrych miesi\u0119cy wchodz\u0105 ze znacznym op\u00f3\u017anieniem na list\u0119 radia. Na dodatek, s\u0105 puszczane bez umiaru &#8211; odnosz\u0119 wra\u017cenie, \u017ce w spos\u00f3b zap\u0119tlony. Do tego te idiotyczne czasem gadki prezenter\u00f3w. Tylko nie potrafi\u0119 poj\u0105\u0107 dlaczego ludzie to kupuj\u0105&#8230;\n<\/p>\n<p>\nA wracaj\u0105c do kwestii szko\u0142y: jestem jednak zadowolony. Wszyscy s\u0105 raczej przyja\u017anie albo neutralnie nastawieni do innych. Przynajmniej ja odnios\u0142em takie wra\u017cenie. Ka\u017cdy robi to, co ma zrobi\u0107 i wychodzi. W ka\u017cdym razie, mam w tym jeden cel &#8211; przyzwoicie zda\u0107 matur\u0119, p\u00f3j\u015b\u0107 na studia. Zale\u017ca\u0142oby mi jeszcze na paru certyfikatach, zw\u0142aszcza na Zend Certified Engineer. C\u00f3\u017c, pomarzy\u0107 mo\u017cna, ale zainteresowa\u0107 si\u0119 trzeba &#8211; w ko\u0144cu ten papierek, to nie jest takie byle co. Ale tak, czy inaczej &#8211; ju\u017c chyba pozostan\u0119 przy swojej obecnej pasji &#8211; projektowaniu stron www. Gdy tak spojrz\u0119 w przesz\u0142o\u015b\u0107, to nie mog\u0119 wprost uwierzy\u0107, \u017ce musia\u0142o up\u0142yn\u0105\u0107 tyle lat, \u017ceby odnale\u017a\u0107 to, do czego ma si\u0119 powo\u0142anie. Co z tego, \u017ce pad\u0142o na informatyk\u0119? To wynik\u0142o na samym pocz\u0105tku. Problem zacz\u0105\u0142 si\u0119 w momencie, gdy trzeba by\u0142o wybra\u0107, w co dalej brn\u0105\u0107 &#8211; wszak nie da si\u0119 ca\u0142ej tej dziedziny ogarn\u0105\u0107. Jest to po prostu niemo\u017cliwe. Nic nie stoi jednak na przeszkodzie, by mie\u0107 podstawy w ka\u017cdej poddziedzinie. Wystarczy jedynie znale\u017a\u0107 t\u0105, w kt\u00f3rej si\u0119 czuje najlepiej, a reszta sama przychodzi &#8211; potem pozostaje tylko praca, praca i jeszcze raz praca. I nie mam tu bynajmniej na my\u015bli pracy w sensie utrzymywania si\u0119. Chodzi mi o prac\u0119 nad samym sob\u0105, sposobem my\u015blenia i kompetencjami. IMHO to jest ca\u0142a recepta. Po jakim\u015b czasie dochodzi si\u0119 do takiej wprawy, aby w ci\u0105gu kilkunastu sekund przeanalizowa\u0107 schemat jakiego\u015b algorytmu, czy napisa\u0107 algorytm &#8222;z palca&#8221; albo jak kto woli &#8211; a&#8217;vista. Jest to doskona\u0142y dow\u00f3d na to, \u017ce si\u0119 osi\u0105gne\u0142o, a raczej osi\u0105ga to, do czego ma si\u0119 powo\u0142anie.\n<\/p>\n<p>Hehe, rozpisa\u0142em si\u0119 <img src=\"https:\/\/eriz.pcinside.pl\/weblog\/wp-includes\/images\/smilies\/e_smile.png\" alt=\":)\" class=\"wp-smiley\" style=\"height: 1em; max-height: 1em;\" \/><\/p>\n<p>\nNapisa\u0142bym na pewno co\u015b jeszcze, ale popatrz na godzin\u0119 wpisu.<\/p>\n","protected":false},"excerpt":{"rendered":"<p>Ech, zaczynaj\u0105 mi si\u0119 przypomina\u0107 wakacje. Budzi si\u0119 we dawna sk\u0142onno\u015b\u0107 do filozofii, kt\u00f3rej tak mi brakuje w roku szkolnym. Ale czego we\u0144 jest u\u015bpiona?<\/p>\n","protected":false},"author":1,"featured_media":0,"comment_status":"open","ping_status":"open","sticky":false,"template":"","format":"standard","meta":{"footnotes":""},"categories":[5],"tags":[52],"_links":{"self":[{"href":"https:\/\/eriz.pcinside.pl\/weblog\/wp-json\/wp\/v2\/posts\/53"}],"collection":[{"href":"https:\/\/eriz.pcinside.pl\/weblog\/wp-json\/wp\/v2\/posts"}],"about":[{"href":"https:\/\/eriz.pcinside.pl\/weblog\/wp-json\/wp\/v2\/types\/post"}],"author":[{"embeddable":true,"href":"https:\/\/eriz.pcinside.pl\/weblog\/wp-json\/wp\/v2\/users\/1"}],"replies":[{"embeddable":true,"href":"https:\/\/eriz.pcinside.pl\/weblog\/wp-json\/wp\/v2\/comments?post=53"}],"version-history":[{"count":0,"href":"https:\/\/eriz.pcinside.pl\/weblog\/wp-json\/wp\/v2\/posts\/53\/revisions"}],"wp:attachment":[{"href":"https:\/\/eriz.pcinside.pl\/weblog\/wp-json\/wp\/v2\/media?parent=53"}],"wp:term":[{"taxonomy":"category","embeddable":true,"href":"https:\/\/eriz.pcinside.pl\/weblog\/wp-json\/wp\/v2\/categories?post=53"},{"taxonomy":"post_tag","embeddable":true,"href":"https:\/\/eriz.pcinside.pl\/weblog\/wp-json\/wp\/v2\/tags?post=53"}],"curies":[{"name":"wp","href":"https:\/\/api.w.org\/{rel}","templated":true}]}}